[{"@context":"https:\/\/schema.org\/","@type":"Article","@id":"https:\/\/www.krusis.cz\/mame-doma-vlneny-koberec\/#Article","mainEntityOfPage":"https:\/\/www.krusis.cz\/mame-doma-vlneny-koberec\/","headline":"M\u00e1me doma vln\u011bn\u00fd koberec","name":"M\u00e1me doma vln\u011bn\u00fd koberec","description":"Vln\u011bn\u00e9 koberce pat\u0159\u00ed k nejkr\u00e1sn\u011bj\u0161\u00edm ozdob\u00e1m v dom\u011b. Odpov\u00edd\u00e1 tomu i.","datePublished":"2023-01-10","dateModified":"2023-01-10","author":{"@type":"Person","@id":"https:\/\/www.krusis.cz\/author\/#Person","name":"","url":"https:\/\/www.krusis.cz\/author\/","identifier":1,"image":{"@type":"ImageObject","@id":"https:\/\/secure.gravatar.com\/avatar\/390ba47df5874845ef3762ac16ecd0a67f4e30c13cbb7c7ee444ade303aa885b?s=96&d=mm&r=g","url":"https:\/\/secure.gravatar.com\/avatar\/390ba47df5874845ef3762ac16ecd0a67f4e30c13cbb7c7ee444ade303aa885b?s=96&d=mm&r=g","height":96,"width":96}},"publisher":{"@type":"Organization","name":"krusis.cz","logo":{"@type":"ImageObject","@id":"\/logo.png","url":"\/logo.png","width":600,"height":60}},"image":{"@type":"ImageObject","@id":"https:\/\/www.krusis.cz\/wp-content\/uploads\/pexels-vlada-karpovich-4050351_1.jpg","url":"https:\/\/www.krusis.cz\/wp-content\/uploads\/pexels-vlada-karpovich-4050351_1.jpg","height":0,"width":0},"url":"https:\/\/www.krusis.cz\/mame-doma-vlneny-koberec\/","about":["Slu\u017eby"],"wordCount":445,"articleBody":"   Vln\u011bn\u00e9 koberce pat\u0159\u00ed k nejkr\u00e1sn\u011bj\u0161\u00edm ozdob\u00e1m v dom\u011b. Odpov\u00edd\u00e1 tomu i jejich cena, kter\u00e1 b\u00fdv\u00e1 vy\u0161\u0161\u00ed, ne\u017e u syntetick\u00e9 metr\u00e1\u017ee. Koberec pak doma poslou\u017e\u00ed nejen jako v\u00fdzdoba ob\u00fdvac\u00edho pokoje \u010di lo\u017enice, m\u016f\u017ee se st\u00e1t va\u0161\u00edm \u00fato\u010di\u0161t\u011bm v dob\u011b, kdy k v\u00e1m p\u0159ijde n\u00e1v\u0161t\u011bva.S n\u00e1v\u0161t\u011bvou na koberci \u2013 p\u0159ipad\u00e1 v\u00e1m ned\u016fstojn\u00e9 pozvat si dom\u016f n\u00e1v\u0161t\u011bvu a pohostit j\u00ed na koberci? Ve skute\u010dnosti to m\u016f\u017ee b\u00fdt velk\u00fdm p\u0159\u00ednosem pro ob\u011b strany. Koberec je toti\u017e plocha, kde se d\u00e1 dob\u0159e relaxovat a pohodln\u011b sed\u011bt. Snadno tu zm\u011bn\u00edte svou polohu, m\u016f\u017eete se tu i nat\u00e1hnout, a probl\u00e9m nen\u00ed polo\u017eit na koberec vhodnou molitanovou de\u010dku, sed\u00e1k, pol\u0161t\u00e1\u0159ek anebo cvi\u010debn\u00ed karimatku. Na koberci je tak\u00e9 v\u00edce m\u00edsta, ne\u017e u konferen\u010dn\u00edho stolku, a sed\u00edte-li v kruhu, dob\u0159e na sebe vid\u00edte a nen\u00ed pak probl\u00e9m s vz\u00e1jemnou komunikac\u00ed.Koberec na hran\u00ed \u2013 koberec poslou\u017e\u00ed i jako prostor pro hran\u00ed, a t\u0159eba i s va\u0161\u00ed n\u00e1v\u0161t\u011bvou. Pro\u010d si tu nerozlo\u017eit puzzle? Pro\u010d tu nem\u00edt pastelky a kartonov\u00e9 skic\u00e1kov\u00e9 \u010dtvrtky? Pro\u010d si tu nezahr\u00e1t karty a \u010clov\u011b\u010de nezlob se? Mo\u017en\u00e1, \u017ee i vy zjist\u00edte, \u017ee se v\u00e1m na podlaze l\u00e9pe tr\u00e1v\u00ed voln\u00fd \u010das.Koberec pro pr\u00e1ci \u2013 na n\u011bkter\u00fdch fotk\u00e1ch sta\u017een\u00fdch z Internetu je patrn\u00e9, \u017ee tu lid\u00e9 mohou tr\u00e1vit i \u010das pracovn\u00ed. Rozlo\u017e\u00ed si tu notebook a pracovn\u00ed dokumentaci a maj\u00ed tu pak v\u011bt\u0161\u00ed p\u0159ehled podobn\u011b, jako kdy\u017e se skl\u00e1d\u00e1 velkoplo\u0161n\u00e9 puzzle. Vedle notebooku si rozlo\u017e\u00edte podnos se sn\u00eddan\u00ed a d\u00e1te se do d\u00edla. A pokud chcete zm\u011bnit polohu, nen\u00ed to probl\u00e9m, koberec poslou\u017e\u00ed i jako cvi\u010debn\u00ed prostor, kde se m\u016f\u017eete prot\u00e1hnout, ud\u011blat p\u00e1r d\u0159ep\u016f a klik\u016f a hned jste obda\u0159eni v\u011bt\u0161\u00ed sv\u011b\u017eest\u00ed.Koberec mus\u00ed b\u00fdt \u010dist\u00fd a vo\u0148av\u00fd \u2013 jak by se v\u00e1m sed\u011blo na podlaze, kdybyste kolem sebe neust\u00e1le vn\u00edmali typickou \u201ev\u016fni\u201c pou\u017eit\u00fdch pono\u017eek? Toto se st\u00e1v\u00e1 hlavn\u011b tam, kde se koberce jen vys\u00e1vaj\u00ed s\u00e1\u010dkov\u00fdm vysava\u010dem, a kde se \u010dasto na\u0161lapuje naboso nebo v pono\u017ek\u00e1ch. Proto byste m\u011bli alespo\u0148 ob\u010das podrobit va\u0161i podlahu procesem \u010di\u0161t\u011bn\u00ed vln\u011bn\u00fdch koberc\u016f od profesion\u00e1ln\u00ed firmy.                                                                                                                                                                                                                                                                                                                                                                                                  "},{"@context":"https:\/\/schema.org\/","@type":"BreadcrumbList","itemListElement":[{"@type":"ListItem","position":1,"name":"M\u00e1me doma vln\u011bn\u00fd koberec","item":"https:\/\/www.krusis.cz\/mame-doma-vlneny-koberec\/#breadcrumbitem"}]}]